{"id":10731,"date":"2024-11-26T12:11:05","date_gmt":"2024-11-26T12:11:05","guid":{"rendered":"https:\/\/urica.org\/?p=10731"},"modified":"2024-11-26T12:11:05","modified_gmt":"2024-11-26T12:11:05","slug":"larcheologie-de-la-perception","status":"publish","type":"post","link":"https:\/\/urica.org\/index.php\/2024\/11\/26\/larcheologie-de-la-perception\/","title":{"rendered":"L&rsquo;ARCHEOLOGIE DE LA PERCEPTION"},"content":{"rendered":"<p>L&rsquo;Ambassade d&rsquo;Espagne au S\u00e9n\u00e9gal accueille la chercheuse Maria Silva-Gago pour la tenue de\u00a0<strong>la conf\u00e9rence \u00ab<\/strong>\u00a0<strong>Arch\u00e9ologie de la perception. Approches de la cognition pass\u00e9e \u00e0 travers la culture mat\u00e9rielle\u00a0\u00bb,<\/strong>\u00a0le prochain\u00a0<strong>vendredi 29 novembre \u00e0 17h, \u00e0 l&rsquo;IFAN<\/strong>.<\/p>\n<p>Ce sera l&rsquo;occasion pour elle de nous pr\u00e9senter le projet XSCAPE, qui \u00e9tudie la fa\u00e7on dont les objets, \u00e0 travers des stimulations perceptuelles qu\u2019ils produisent (surtout visuelles), influencent les processus cognitifs et, plus particuli\u00e8rement, la capacit\u00e9 d\u2019anticipation de notre cerveau. XSCAPE utilise une combinaison unique de mat\u00e9riaux arch\u00e9ologiques, neuroscience visuelle et des mod\u00e8les computationnels pour poser les questions suivantes : Les mondes que l\u2019on construit, transforment-ils notre mental et notre mani\u00e8re de traiter l\u2019information ? Les structures mat\u00e9rielles de nos colonies, de nos immeubles, routes et instruments\/appareils modifient-elles activement nos sch\u00e9mas de pens\u00e9e et d\u2019attention ?<\/p>\n<p>En esp\u00e9rant que cette d\u00e9marche vous interpelle et vous compter parmi les assistants \u00e0 la conf\u00e9rence, ce vendredi.<\/p>\n","protected":false},"excerpt":{"rendered":"<p>L&rsquo;Ambassade d&rsquo;Espagne au S\u00e9n\u00e9gal accueille la chercheuse Maria Silva-Gago pour la tenue de\u00a0la conf\u00e9rence \u00ab\u00a0Arch\u00e9ologie de la perception. Approches de la cognition pass\u00e9e \u00e0 travers la culture mat\u00e9rielle\u00a0\u00bb,\u00a0le prochain\u00a0vendredi 29&hellip;<\/p>\n","protected":false},"author":4,"featured_media":10732,"comment_status":"open","ping_status":"open","sticky":false,"template":"","format":"standard","meta":{"_jetpack_memberships_contains_paid_content":false,"footnotes":""},"categories":[6,37,35],"tags":[],"class_list":["post-10731","post","type-post","status-publish","format-standard","has-post-thumbnail","hentry","category-conference-urica","category-conferences","category-rencontres"],"jetpack_sharing_enabled":true,"jetpack_featured_media_url":"https:\/\/i0.wp.com\/urica.org\/wp-content\/uploads\/2024\/11\/xscape.jpg?fit=544%2C435&ssl=1","_links":{"self":[{"href":"https:\/\/urica.org\/index.php\/wp-json\/wp\/v2\/posts\/10731","targetHints":{"allow":["GET"]}}],"collection":[{"href":"https:\/\/urica.org\/index.php\/wp-json\/wp\/v2\/posts"}],"about":[{"href":"https:\/\/urica.org\/index.php\/wp-json\/wp\/v2\/types\/post"}],"author":[{"embeddable":true,"href":"https:\/\/urica.org\/index.php\/wp-json\/wp\/v2\/users\/4"}],"replies":[{"embeddable":true,"href":"https:\/\/urica.org\/index.php\/wp-json\/wp\/v2\/comments?post=10731"}],"version-history":[{"count":1,"href":"https:\/\/urica.org\/index.php\/wp-json\/wp\/v2\/posts\/10731\/revisions"}],"predecessor-version":[{"id":10733,"href":"https:\/\/urica.org\/index.php\/wp-json\/wp\/v2\/posts\/10731\/revisions\/10733"}],"wp:featuredmedia":[{"embeddable":true,"href":"https:\/\/urica.org\/index.php\/wp-json\/wp\/v2\/media\/10732"}],"wp:attachment":[{"href":"https:\/\/urica.org\/index.php\/wp-json\/wp\/v2\/media?parent=10731"}],"wp:term":[{"taxonomy":"category","embeddable":true,"href":"https:\/\/urica.org\/index.php\/wp-json\/wp\/v2\/categories?post=10731"},{"taxonomy":"post_tag","embeddable":true,"href":"https:\/\/urica.org\/index.php\/wp-json\/wp\/v2\/tags?post=10731"}],"curies":[{"name":"wp","href":"https:\/\/api.w.org\/{rel}","templated":true}]}}